{"id":18406,"date":"2020-10-20T12:21:23","date_gmt":"2020-10-20T12:21:23","guid":{"rendered":"https:\/\/sibex.rs\/misliozdravlju\/?p=18406"},"modified":"2022-02-25T12:41:26","modified_gmt":"2022-02-25T12:41:26","slug":"uloga-immunotrofine-d-u-tretmanu-uvecanog-treceg-krajnika","status":"publish","type":"post","link":"https:\/\/sibex.rs\/misliozdravlju\/2020\/10\/20\/uloga-immunotrofine-d-u-tretmanu-uvecanog-treceg-krajnika\/","title":{"rendered":"Uloga Immunotrofine D u tretmanu uve\u0107anog &#8220;tre\u0107eg krajnika&#8221;"},"content":{"rendered":"\t\t<div data-elementor-type=\"wp-post\" data-elementor-id=\"18406\" class=\"elementor elementor-18406\">\n\t\t\t\t\t\t\t\t\t<section class=\"elementor-section elementor-top-section elementor-element elementor-element-1015cdeb elementor-section-boxed elementor-section-height-default elementor-section-height-default qodef-elementor-content-no\" data-id=\"1015cdeb\" data-element_type=\"section\">\n\t\t\t\t\t\t<div class=\"elementor-container elementor-column-gap-default\">\n\t\t\t\t\t<div class=\"elementor-column elementor-col-100 elementor-top-column elementor-element elementor-element-7765d357\" data-id=\"7765d357\" data-element_type=\"column\">\n\t\t\t<div class=\"elementor-widget-wrap elementor-element-populated\">\n\t\t\t\t\t\t\t\t<div class=\"elementor-element elementor-element-7f7675a1 elementor-widget elementor-widget-text-editor\" data-id=\"7f7675a1\" data-element_type=\"widget\" data-widget_type=\"text-editor.default\">\n\t\t\t\t<div class=\"elementor-widget-container\">\n\t\t\t<style>\/*! elementor - v3.11.2 - 22-02-2023 *\/\n.elementor-widget-text-editor.elementor-drop-cap-view-stacked .elementor-drop-cap{background-color:#818a91;color:#fff}.elementor-widget-text-editor.elementor-drop-cap-view-framed .elementor-drop-cap{color:#818a91;border:3px solid;background-color:transparent}.elementor-widget-text-editor:not(.elementor-drop-cap-view-default) .elementor-drop-cap{margin-top:8px}.elementor-widget-text-editor:not(.elementor-drop-cap-view-default) .elementor-drop-cap-letter{width:1em;height:1em}.elementor-widget-text-editor .elementor-drop-cap{float:left;text-align:center;line-height:1;font-size:50px}.elementor-widget-text-editor .elementor-drop-cap-letter{display:inline-block}<\/style>\t\t\t\t<h6><strong>Koje su naj\u010de\u0161\u0107e infekcije disajnih puteva kod dece?<\/strong><\/h6><p>Sve infekcije disajnih puteva kod dece po\u010dinju kao infekcije nosa. Sve po\u010dinje kao obi\u010dna kijavica i prvi simptomi su zapu\u0161enost i curenje vodenastog sekreta iz nosa. Sekret je u po\u010detku bezbojan, ali posle 3 do 5 dana menja boju i prelazi u gnojni, \u017euto-zeleni sekret. Infekcija iz nosa mo\u017ee da zahvati okolne strukture, kao \u0161to su sinusne \u0161upljine ili adenoidne vegetacije, tzv. \u201ctre\u0107i krajnik\u201d. Infekcije disajnih puteva su sezonskog karaktera, i javljaju se naj\u010de\u0161\u0107e u jesen i zimu, od oktobra do aprila. Povezuju se pojavom hladnog i vla\u017enog vremena, a izuzetno su retke u letnjim mesecima. Smatra se da zdravo dete, godi\u0161nje ima 3 do 5 virusnih infekcija. Povezane su sa boravkom deteta u kolektivu i sa slabijim uno\u0161enjem hrane. Ne treba zanemariti ni genetsku sklonost ka oboljenjima tonzila.<\/p>\t\t\t\t\t\t<\/div>\n\t\t\t\t<\/div>\n\t\t\t\t<div class=\"elementor-element elementor-element-64234bca elementor-widget elementor-widget-text-editor\" data-id=\"64234bca\" data-element_type=\"widget\" data-widget_type=\"text-editor.default\">\n\t\t\t\t<div class=\"elementor-widget-container\">\n\t\t\t\t\t\t\t<h6><strong>Koji su naj\u010de\u0161\u0107i izaziva\u010di respiratornih infekcija?<\/strong><\/h6><p>Preko 80% svih upala disajnih puteva zapo\u010dinju kao virusne infekcije. Naj\u010de\u0161\u0107i izaziva\u010di su rinovirusi, adenovirusi, kao i virusi influence i parainfluence. Me\u0111utim, virusne infekcije mogu se \u010desto komplikovati bakterijskim infekcijama. Treba napomenuti da gornji disajni putevi ne predstavljaju potpuno sterilnu sredinu, jer se tu nalazi veliki broj mikroorganizama. U slu\u010dajevima pada imuniteta bakterije koje ina\u010de pripadaju normalnoj flori mogu postati izaziva\u010di infekcija. Najte\u017eu klini\u010dku sliku izaziva bakterija Streptococcus pneumoniae, koja u 1\/3 slu\u010dajeva izaziva infekcije srednjeg uva kao posledice infekcije nosa. Posle njega po u\u010destalosti sledi Haemophilus influezae, a zatim i ostale bakterije.\u200b<\/p>\t\t\t\t\t\t<\/div>\n\t\t\t\t<\/div>\n\t\t\t\t<div class=\"elementor-element elementor-element-e0e3496 elementor-widget elementor-widget-text-editor\" data-id=\"e0e3496\" data-element_type=\"widget\" data-widget_type=\"text-editor.default\">\n\t\t\t\t<div class=\"elementor-widget-container\">\n\t\t\t\t\t\t\t<h6><strong>\u0160ta se podrazumeva pod pojmom \u201ctre\u0107i\u201d krajnik?<\/strong><\/h6><p>Adenoidne vegetacije ili tzv. \u201ctre\u0107i\u201d krajnik predstavljaju nakupine limfnog tkiva koje se nalaze iza nosne \u0161upljine i iznad mekog nepca u podru\u010dju koje se naziva epifarinks. Sva deca imaju adenoidne vegetacije i one imaju ulogu u razvoju imuniteta, analaziraju\u0107i elemente koji preko vazduha, kroz nosnu \u0161upljinu ulaze u organizam. Analizom stranih elemenata aktivira se imunski sistem i formiraju antitela. Adenoidne vegetacije su najrazvijenije kod dece do 5. godine \u017eivota, a zatim njihova veli\u010dina polako opada, atrofiraju i nestaju u 12. godini \u017eivota.\u200b<\/p>\t\t\t\t\t\t<\/div>\n\t\t\t\t<\/div>\n\t\t\t\t<div class=\"elementor-element elementor-element-66c32d6 elementor-widget elementor-widget-text-editor\" data-id=\"66c32d6\" data-element_type=\"widget\" data-widget_type=\"text-editor.default\">\n\t\t\t\t<div class=\"elementor-widget-container\">\n\t\t\t\t\t\t\t<h6><strong>Koje su komplikacije upale \u201ctre\u0107eg\u201d krajnika?<\/strong><\/h6><p>U toku infekcija dolazi do bujanja i pove\u0107anja veli\u010dine adenoidnih vegetacija. To je poku\u0161aj organizma da zaustavi i ograni\u010di dalje \u0161irenje infekcije. Posle ozdravljenja od infekcije adenoidne vegetacije se smanjuju. Me\u0111utim, ukoliko su te infekcije \u010deste, onda se razvija trajno uve\u0107anje ili hipertrofija adenoidnih vegetacija.<\/p><p>\u00a0<\/p>\t\t\t\t\t\t<\/div>\n\t\t\t\t<\/div>\n\t\t\t\t<div class=\"elementor-element elementor-element-209f3826 elementor-widget elementor-widget-text-editor\" data-id=\"209f3826\" data-element_type=\"widget\" data-widget_type=\"text-editor.default\">\n\t\t\t\t<div class=\"elementor-widget-container\">\n\t\t\t\t\t\t\t<blockquote><p>Uve\u0107ane adenoidne vegetacije dovode do ote\u017eanog disanja na nos, hrkanja pri spavanju i nazalnog govora. Tada adenoidne vegetacije vi\u0161e nisu odbrana organizma od infekcije, ve\u0107 predstavljaju rezervoar za \u0161irenje infekcije u susedne anatomske strukture, kao \u0161to su sinusne \u0161upljine ili prostori srednjeg uva.\u00a0<\/p><\/blockquote>\t\t\t\t\t\t<\/div>\n\t\t\t\t<\/div>\n\t\t\t\t<div class=\"elementor-element elementor-element-1b34559 elementor-widget elementor-widget-text-editor\" data-id=\"1b34559\" data-element_type=\"widget\" data-widget_type=\"text-editor.default\">\n\t\t\t\t<div class=\"elementor-widget-container\">\n\t\t\t\t\t\t\t<h6><strong>Da li oslabljen imunitet uti\u010de na \u010deste infekcije \u201ctre\u0107eg\u201d krajnika?<\/strong><\/h6><p>Imunitet predstavlja sposobnost organizma da se odbrani od infekcije. Prirodni imunitet se uspostavlja kontaktom sa izaziva\u010dem infekcije, a ve\u0161ta\u010dki imunitet se razvija posle primene vakcina. Ukoliko su deca \u010desto bolesna sa istim simptomima to dovodi do posledi\u010dnog slabljenja njihovog imuniteta. Takva deca se \u010de\u0161\u0107e i br\u017ee razboljevaju i te\u017ee i sporije oporavljaju. Ona su bleda, mr\u0161ava i oslabljenog apetita. Neretko, u nalazima krvne slike dijagnostikujemo i anemiju sa padom vrednosti hemoglobina.\u200b<\/p>\t\t\t\t\t\t<\/div>\n\t\t\t\t<\/div>\n\t\t\t\t<div class=\"elementor-element elementor-element-c8c83e4 elementor-widget elementor-widget-text-editor\" data-id=\"c8c83e4\" data-element_type=\"widget\" data-widget_type=\"text-editor.default\">\n\t\t\t\t<div class=\"elementor-widget-container\">\n\t\t\t\t\t\t\t<h6><strong>Kako osna\u017eiti imunitet?<\/strong><\/h6>\n<p>Za dobar imunitet neophodna je zdrava i uravnote\u017eena ishrana, sve\u017e i odmoran san i bavljenje fizi\u010dkim aktivnostima. Tako\u0111e, danas na tr\u017ei\u0161tu postoje efikasni preparati za poja\u010davanje imuniteta. Svakako, zna\u010dajno mesto zauzima Immunotrofina d. Predstavlja prirodni preparat sa aktivnim sastojcima za poja\u010davanje imuniteta, kao \u0161to su glukan, arginin, jod i vitamini B5, B6 i B12. Oni pobolj\u0161avaju metabolizam limfnog tkiva adenoidnih vegetacija i tonzila i spre\u010davaju njihovo uve\u0107anje. Tako\u0111e, ja\u010daju lokalne mehanizme odbrane i ubla\u017eavaju simptome bolesti. Immunotrofina d je klini\u010dki ispitan preparat. Dokazana je njegova efikasnost u spre\u010davanju razvoja u\u010destalih respiratornih infekcija, pri \u010demu se kod vi\u0161e od polovine pacijenata smanjuje potreba za eventualnim hirur\u0161kim intervencijama u podru\u010dju tonzila i adenoidnih vegetacija. Tako\u0111e se preporu\u010duje pre i posle hirur\u0161kih intervencija, jer je tada imunitet oslabljen i deca su prijem\u010diva za virusne i bakterijske infekcije. Immuntrofinu d treba uzimati najmanje 3 meseca, najbolje je po\u010deti ve\u0107 po\u010detkom septembra. Preparat nema ne\u017eeljenih efekata i organizam ga odli\u010dno toleri\u0161e.<\/p>\t\t\t\t\t\t<\/div>\n\t\t\t\t<\/div>\n\t\t\t\t\t<\/div>\n\t\t<\/div>\n\t\t\t\t\t\t\t<\/div>\n\t\t<\/section>\n\t\t\t\t<section class=\"elementor-section elementor-top-section elementor-element elementor-element-2cb8fc5 elementor-section-boxed elementor-section-height-default elementor-section-height-default qodef-elementor-content-no\" data-id=\"2cb8fc5\" data-element_type=\"section\">\n\t\t\t\t\t\t<div class=\"elementor-container elementor-column-gap-default\">\n\t\t\t\t\t<div class=\"elementor-column elementor-col-100 elementor-top-column elementor-element elementor-element-3e85a8d\" data-id=\"3e85a8d\" data-element_type=\"column\">\n\t\t\t<div class=\"elementor-widget-wrap elementor-element-populated\">\n\t\t\t\t\t\t\t\t<div class=\"elementor-element elementor-element-ae079b7 elementor-widget elementor-widget-text-editor\" data-id=\"ae079b7\" data-element_type=\"widget\" data-widget_type=\"text-editor.default\">\n\t\t\t\t<div class=\"elementor-widget-container\">\n\t\t\t\t\t\t\t<p style=\"text-align: right;\"><em><strong>Autor teksta:<\/strong><\/em><\/p><p style=\"text-align: right;\"><em><strong>Doc. dr Ivan Baljo\u0161evi\u0107, ORL specijalista<\/strong><\/em><br \/><em><strong>Institut za zdravstvenu za\u0161titu majke i deteta Srbije \u201eDr Vukan \u010cupi\u0107\u201c<\/strong><\/em><\/p>\t\t\t\t\t\t<\/div>\n\t\t\t\t<\/div>\n\t\t\t\t\t<\/div>\n\t\t<\/div>\n\t\t\t\t\t\t\t<\/div>\n\t\t<\/section>\n\t\t\t\t\t\t\t<\/div>\n\t\t","protected":false},"excerpt":{"rendered":"<p>Infekcije disajnih puteva su sezonskog karaktera, javljaju se naj\u010de\u0161\u0107e u jesen, zimu i rano prole\u0107e. Povezuju se sa pojavom hladnog i vla\u017enog vremena i  naj\u010de\u0161\u0107i su razlog za izostanak deteta iz vrti\u0107a i \u0161kole. <\/p>\n","protected":false},"author":1,"featured_media":18414,"comment_status":"closed","ping_status":"closed","sticky":false,"template":"","format":"standard","meta":{"footnotes":""},"categories":[63],"tags":[72,79,49,51,78,82,60,61,81,58,83,71,80],"class_list":["post-18406","post","type-post","status-publish","format-standard","has-post-thumbnail","hentry","category-blog","tag-bakterije","tag-betaglukan","tag-d3","tag-deca","tag-imunitet","tag-krajnici","tag-misliozdravlju","tag-sibexline","tag-sirup","tag-sprej","tag-treci-krajnik","tag-virusi","tag-vitamind3"],"_links":{"self":[{"href":"https:\/\/sibex.rs\/misliozdravlju\/wp-json\/wp\/v2\/posts\/18406","targetHints":{"allow":["GET"]}}],"collection":[{"href":"https:\/\/sibex.rs\/misliozdravlju\/wp-json\/wp\/v2\/posts"}],"about":[{"href":"https:\/\/sibex.rs\/misliozdravlju\/wp-json\/wp\/v2\/types\/post"}],"author":[{"embeddable":true,"href":"https:\/\/sibex.rs\/misliozdravlju\/wp-json\/wp\/v2\/users\/1"}],"replies":[{"embeddable":true,"href":"https:\/\/sibex.rs\/misliozdravlju\/wp-json\/wp\/v2\/comments?post=18406"}],"version-history":[{"count":8,"href":"https:\/\/sibex.rs\/misliozdravlju\/wp-json\/wp\/v2\/posts\/18406\/revisions"}],"predecessor-version":[{"id":18419,"href":"https:\/\/sibex.rs\/misliozdravlju\/wp-json\/wp\/v2\/posts\/18406\/revisions\/18419"}],"wp:featuredmedia":[{"embeddable":true,"href":"https:\/\/sibex.rs\/misliozdravlju\/wp-json\/wp\/v2\/media\/18414"}],"wp:attachment":[{"href":"https:\/\/sibex.rs\/misliozdravlju\/wp-json\/wp\/v2\/media?parent=18406"}],"wp:term":[{"taxonomy":"category","embeddable":true,"href":"https:\/\/sibex.rs\/misliozdravlju\/wp-json\/wp\/v2\/categories?post=18406"},{"taxonomy":"post_tag","embeddable":true,"href":"https:\/\/sibex.rs\/misliozdravlju\/wp-json\/wp\/v2\/tags?post=18406"}],"curies":[{"name":"wp","href":"https:\/\/api.w.org\/{rel}","templated":true}]}}